{"id":13891,"date":"2025-09-05T14:12:18","date_gmt":"2025-09-05T18:12:18","guid":{"rendered":"https:\/\/www.espaciomatta.cl\/web\/?p=13891"},"modified":"2025-09-09T12:50:45","modified_gmt":"2025-09-09T15:50:45","slug":"este-sabado-celebramos-el-cuecazo-en-la-granja","status":"publish","type":"post","link":"https:\/\/www.espaciomatta.cl\/web\/este-sabado-celebramos-el-cuecazo-en-la-granja\/","title":{"rendered":"Este s\u00e1bado celebramos el CUECAZO en La Granja"},"content":{"rendered":"\n<h1 class=\"wp-block-heading\">Este s\u00e1bado celebramos el CUECAZO en La Granja<\/h1>\n\n\n\n<p>Viernes 5 de septiembre de 2025<\/p>\n\n\n\n<p>La Corporaci\u00f3n de Cultura de la Municipalidad de La Granja invita a todas las vecinas y vecinos a sumarse a la gran celebraci\u00f3n del <strong>Cuecazo 2025<\/strong>, que se realizar\u00e1 este <strong>s\u00e1bado 6 de septiembre<\/strong>, a partir de las 12:00 horas, en la <strong>explanada del Centro Cultural Espacio Matta<\/strong>, ubicado en <strong>Av. Santa Rosa 9014<\/strong>.<\/p>\n\n\n\n<p>Este encuentro comunitario y cultural marcar\u00e1 el inicio de septiembre con lo mejor de nuestras tradiciones: una fiesta familiar en torno a la <strong>cueca<\/strong>, nuestro baile nacional, y un homenaje a nuestras ra\u00edces folcl\u00f3ricas.<\/p>\n\n\n\n<p>La jornada contar\u00e1 con:<\/p>\n\n\n\n<ul class=\"wp-block-list\">\n<li><strong>Muestras de baile tradicional<\/strong><\/li>\n\n\n\n<li><strong>Clases abiertas de cueca<\/strong><\/li>\n\n\n\n<li><strong>Un ambiente festivo y acogedor para disfrutar en comunidad<\/strong><\/li>\n<\/ul>\n\n\n\n<p>Estar\u00e1n presentes destacados conjuntos folcl\u00f3ricos que llenar\u00e1n de m\u00fasica, color y pasi\u00f3n el escenario:<\/p>\n\n\n\n<ul class=\"wp-block-list\">\n<li><strong>Conjunto Folcl\u00f3rico Inclusivo Liberarte<\/strong><\/li>\n\n\n\n<li><strong>Ballet Folcl\u00f3rico de la Corporaci\u00f3n Cultural de La Granja<\/strong><\/li>\n\n\n\n<li><strong>Conjunto Folcl\u00f3rico Luz de Tradici\u00f3n<\/strong><\/li>\n\n\n\n<li><strong>Conjunto Folcl\u00f3rico Los Granjinos<\/strong><\/li>\n\n\n\n<li><strong>Conjunto Folcl\u00f3rico Pasi\u00f3n y Folclor<\/strong><\/li>\n\n\n\n<li><strong>Conjunto Folcl\u00f3rico Compases y Tradiciones<\/strong><\/li>\n\n\n\n<li><strong>Conjunto Folcl\u00f3rico Los Corraleros<\/strong><\/li>\n<\/ul>\n\n\n\n<p>La invitaci\u00f3n es abierta y gratuita para toda la familia. \u00a1Ven con tu pa\u00f1uelo, tu mejor \u00e1nimo y celebremos juntos nuestras ra\u00edces culturales!<\/p>\n\n\n\n<p><\/p>\n","protected":false},"excerpt":{"rendered":"<p>Este s\u00e1bado celebramos el CUECAZO en La Granja Viernes 5 de septiembre de 2025 La Corporaci\u00f3n de Cultura de la Municipalidad de La Granja invita a todas las vecinas y [&hellip;]<\/p>\n","protected":false},"author":60,"featured_media":13897,"comment_status":"closed","ping_status":"","sticky":false,"template":"","format":"standard","meta":{"_price":"","_stock":"","_tribe_ticket_header":"","_tribe_default_ticket_provider":"","_ticket_start_date":"","_ticket_end_date":"","_tribe_ticket_show_description":"","_tribe_ticket_show_not_going":false,"_tribe_ticket_use_global_stock":"","_tribe_ticket_global_stock_level":"","_global_stock_mode":"","_global_stock_cap":"","_tribe_rsvp_for_event":"","_tribe_ticket_going_count":"","_tribe_ticket_not_going_count":"","_tribe_tickets_list":"[]","_tribe_ticket_has_attendee_info_fields":false,"footnotes":""},"categories":[1,16,17,8],"tags":[20,22],"class_list":["post-13891","post","type-post","status-publish","format-standard","has-post-thumbnail","hentry","category-ballet-municipal","category-cartelera","category-destacados","category-noticias","tag-espaciomatta","tag-panorama"],"_links":{"self":[{"href":"https:\/\/www.espaciomatta.cl\/web\/wp-json\/wp\/v2\/posts\/13891","targetHints":{"allow":["GET"]}}],"collection":[{"href":"https:\/\/www.espaciomatta.cl\/web\/wp-json\/wp\/v2\/posts"}],"about":[{"href":"https:\/\/www.espaciomatta.cl\/web\/wp-json\/wp\/v2\/types\/post"}],"author":[{"embeddable":true,"href":"https:\/\/www.espaciomatta.cl\/web\/wp-json\/wp\/v2\/users\/60"}],"replies":[{"embeddable":true,"href":"https:\/\/www.espaciomatta.cl\/web\/wp-json\/wp\/v2\/comments?post=13891"}],"version-history":[{"count":7,"href":"https:\/\/www.espaciomatta.cl\/web\/wp-json\/wp\/v2\/posts\/13891\/revisions"}],"predecessor-version":[{"id":14026,"href":"https:\/\/www.espaciomatta.cl\/web\/wp-json\/wp\/v2\/posts\/13891\/revisions\/14026"}],"wp:featuredmedia":[{"embeddable":true,"href":"https:\/\/www.espaciomatta.cl\/web\/wp-json\/wp\/v2\/media\/13897"}],"wp:attachment":[{"href":"https:\/\/www.espaciomatta.cl\/web\/wp-json\/wp\/v2\/media?parent=13891"}],"wp:term":[{"taxonomy":"category","embeddable":true,"href":"https:\/\/www.espaciomatta.cl\/web\/wp-json\/wp\/v2\/categories?post=13891"},{"taxonomy":"post_tag","embeddable":true,"href":"https:\/\/www.espaciomatta.cl\/web\/wp-json\/wp\/v2\/tags?post=13891"}],"curies":[{"name":"wp","href":"https:\/\/api.w.org\/{rel}","templated":true}]}}