{"id":15715,"date":"2025-10-23T17:29:13","date_gmt":"2025-10-23T20:29:13","guid":{"rendered":"https:\/\/www.espaciomatta.cl\/web\/?p=15715"},"modified":"2025-10-24T23:25:44","modified_gmt":"2025-10-25T02:25:44","slug":"cine-y-musica-en-vivo-la-orquesta-usach-ofrece-un-concierto-gratuito-en-la-granja","status":"publish","type":"post","link":"https:\/\/www.espaciomatta.cl\/web\/cine-y-musica-en-vivo-la-orquesta-usach-ofrece-un-concierto-gratuito-en-la-granja\/","title":{"rendered":"Cine y m\u00fasica en vivo: la Orquesta Usach ofrece un concierto gratuito en La Granja"},"content":{"rendered":"\n<p class=\"has-large-font-size\">Cine y m\u00fasica en vivo: la Orquesta Usach ofrece un concierto gratuito en La Granja<\/p>\n\n\n\n<figure class=\"wp-block-image size-large\"><img fetchpriority=\"high\" decoding=\"async\" width=\"1024\" height=\"683\" src=\"https:\/\/www.espaciomatta.cl\/web\/wp-content\/uploads\/2025\/10\/husar-de-la-muerte_Usach-74-1024x683.jpeg\" alt=\"\" class=\"wp-image-15718\" srcset=\"https:\/\/www.espaciomatta.cl\/web\/wp-content\/uploads\/2025\/10\/husar-de-la-muerte_Usach-74-1024x683.jpeg 1024w, https:\/\/www.espaciomatta.cl\/web\/wp-content\/uploads\/2025\/10\/husar-de-la-muerte_Usach-74-300x200.jpeg 300w, https:\/\/www.espaciomatta.cl\/web\/wp-content\/uploads\/2025\/10\/husar-de-la-muerte_Usach-74-768x512.jpeg 768w, https:\/\/www.espaciomatta.cl\/web\/wp-content\/uploads\/2025\/10\/husar-de-la-muerte_Usach-74-1536x1024.jpeg 1536w, https:\/\/www.espaciomatta.cl\/web\/wp-content\/uploads\/2025\/10\/husar-de-la-muerte_Usach-74.jpeg 1920w\" sizes=\"(max-width: 1024px) 100vw, 1024px\" \/><\/figure>\n\n\n\n<p><strong>Cortometrajes de comienzos del siglo XX, filmados en Chile y Francia, ser\u00e1n proyectados junto a composiciones contempor\u00e1neas de Jorge Pacheco y Francisco N\u00fa\u00f1ez, quienes tambi\u00e9n dirigir\u00e1n a la agrupaci\u00f3n.<\/strong><\/p>\n\n\n\n<p><strong>El evento se realizar\u00e1 este martes 28 (19:00 horas) en el centro cultural Espacio Matta y la entrada es gratuita.<\/strong><\/p>\n\n\n\n<p>Cinco vistazos al Chile de comienzos del siglo XX. Desde los festejos del centenario patrio en el antiguo Parque Cousi\u00f1o, hasta los multitudinarios combates del \u201cTani\u201d Loayza y Luis Vicentini en los Campos de Sports de \u00d1u\u00f1oa, pasando por cap\u00edtulos de la vida social y pol\u00edtica del pa\u00eds: la vida en el mineral El Teniente, la asunci\u00f3n presidencial de Arturo Alessandri Palma y los funerales del l\u00edder obrero Luis Emilio Recabarren. Registrados por el cine silente de la \u00e9poca, esos episodios se podr\u00e1n evocar ahora con una m\u00fasica especialmente creada para la ocasi\u00f3n.<\/p>\n\n\n\n<p>Por encargo de la&nbsp;<strong>Orquesta Usac<\/strong>h, el compositor chileno&nbsp;<strong>Jorge Pacheco<\/strong>&nbsp;(1982) escribi\u00f3 una banda sonora original para cinco cortometrajes documentales resguardados y seleccionados por la&nbsp;<strong>Cineteca Nacional de Chile<\/strong>, que ser\u00e1 estrenada bajo el t\u00edtulo&nbsp;<strong><em>Vistas recobradas<\/em><\/strong>, con el propio autor en la direcci\u00f3n.&nbsp;<\/p>\n\n\n\n<p>Coincidiendo con la celebraci\u00f3n del D\u00eda Mundial del Patrimonio Audiovisual, impulsada por la Unesco, la funci\u00f3n se realizar\u00e1 este\u00a0<strong>martes 28 de octubre(19:00 horas)\u00a0<\/strong>en el\u00a0<strong>Espacio Matta de La Granja<\/strong>. Las entradas gratuitas\u00a0<a href=\"https:\/\/trackercl1.fidelizador.com\/LE1FE5C1FGE1DBHA9JF4F41EKE1FE5C1F960052F993\">se pueden descargar en este link,<\/a> \u00a0o se pueden retirar en Av. Santa Rosa 9014 (Metro La Granja), entre las 9:00 y 20:00 horas.<\/p>\n\n\n\n<p>\u201cCada cortometraje es distinto, pero es muy impresionante tener im\u00e1genes tan antiguas y ver c\u00f3mo las personas se desenvolv\u00edan en esos tiempos. Son como nosotros, pero a la vez son tan lejanos, que hay todo un universo cultural\u201d, comenta&nbsp;<strong>Pacheco<\/strong>, quien trabaj\u00f3 sobre cinco t\u00edtulos espec\u00edficos:&nbsp;<a href=\"https:\/\/trackercl1.fidelizador.com\/LE1FE5C1FGE1DBHA9JF4F456KE1FE5C1F960052F993\"><em>El mineral El Teniente<\/em><\/a>&nbsp;(1919), producida por la Braden Copper Company;&nbsp;<a href=\"https:\/\/trackercl1.fidelizador.com\/LE1FE5C1FGE1DBHA9JF4F4CFKE1FE5C1F960052F993\"><em>Festejos en el Parque Cousi\u00f1o<\/em><\/a><em>&nbsp;<\/em>(1910), de autor\u00eda an\u00f3nima;&nbsp;<a href=\"https:\/\/trackercl1.fidelizador.com\/LE1FE5C1FGE1DBHA9JF4F473KE1FE5C1F960052F993\">los funerales de Luis Emilio Recabarren<\/a>&nbsp;(1924), capturados por Carlos Pellegr\u00edn;&nbsp;<a href=\"https:\/\/trackercl1.fidelizador.com\/LE1FE5C1FGE1DBHA9JF4F460KE1FE5C1F960052F993\"><em>La transmisi\u00f3n del mando<\/em><\/a>&nbsp;(1921), la primera pel\u00edcula animada hecha en Chile, de Alfredo Serey y Nicol\u00e1s Mart\u00ednez: y un registro del legendario combate entre los boxeadores&nbsp;<a href=\"https:\/\/trackercl1.fidelizador.com\/LE1FE5C1FGE1DBHA9JF4F4D5KE1FE5C1F960052F993\"><em>Tani Loaiza y Luis Vicentini<\/em><\/a>&nbsp;(1931).<\/p>\n\n\n\n<figure class=\"wp-block-image size-large\"><img decoding=\"async\" width=\"1024\" height=\"682\" src=\"https:\/\/www.espaciomatta.cl\/web\/wp-content\/uploads\/2025\/10\/francisco-nunez-1024x682.jpeg\" alt=\"\" class=\"wp-image-15717\" srcset=\"https:\/\/www.espaciomatta.cl\/web\/wp-content\/uploads\/2025\/10\/francisco-nunez-1024x682.jpeg 1024w, https:\/\/www.espaciomatta.cl\/web\/wp-content\/uploads\/2025\/10\/francisco-nunez-300x200.jpeg 300w, https:\/\/www.espaciomatta.cl\/web\/wp-content\/uploads\/2025\/10\/francisco-nunez-768x512.jpeg 768w, https:\/\/www.espaciomatta.cl\/web\/wp-content\/uploads\/2025\/10\/francisco-nunez-1536x1023.jpeg 1536w, https:\/\/www.espaciomatta.cl\/web\/wp-content\/uploads\/2025\/10\/francisco-nunez.jpeg 1920w\" sizes=\"(max-width: 1024px) 100vw, 1024px\" \/><\/figure>\n\n\n\n<p><strong>Pacheco<\/strong>&nbsp;se form\u00f3 en la Universidad de Chile, se perfeccion\u00f3 en el Conservatorio Superior de Par\u00eds y actualmente es acad\u00e9mico de la Universidad de Los Lagos, donde dirige la Camerata ULagos. Esta ser\u00e1 su segunda colaboraci\u00f3n con el elenco, que en 2023 estren\u00f3 su&nbsp;<strong><em>Concierto para viola<\/em><\/strong>, bajo la direcci\u00f3n de&nbsp;<strong>Rodolfo<\/strong><strong>Saglimbeni<\/strong>. \u201cEstoy muy agradecido de trabajar con una orquesta tan destacada como la Usach. Estoy instalado en Puerto Montt y me enorgullece venir a la capital para hacer mi m\u00fasica\u201d, se\u00f1ala.<\/p>\n\n\n\n<p><strong>Blues para Debussy<br><br><\/strong>En la primera parte del programa, la&nbsp;<strong>Orquesta<\/strong><strong>Usach<\/strong>&nbsp;musicalizar\u00e1 el cortometraje&nbsp;<strong><em>Estudio cinematogr\u00e1fico sobre un arabesco<\/em><\/strong>&nbsp;(1929), de&nbsp;<strong>Germaine Dulac<\/strong>&nbsp;(1882-1942), quien es considerada como una de las figuras esenciales del cine de vanguardia europeo de comienzos del siglo XX.<\/p>\n\n\n\n<p>La pieza, que experimenta con la luz e im\u00e1genes de \u00e1rboles, agua, telara\u00f1as y partes del cuerpo humano, ser\u00e1 musicalizada en vivo con&nbsp;<strong><em>Blues para Aquiles<\/em><\/strong>, obra de&nbsp;<strong>Francisco<\/strong><strong>N\u00fa\u00f1ez<\/strong>&nbsp;que gan\u00f3 el III Concurso de Composici\u00f3n Musical para Cortometraje Patrimonial del Festival de Cine de Valdivia (2023), bajo la interpretaci\u00f3n de la Orquesta de C\u00e1mara de Valdivia (OCV).<\/p>\n\n\n\n<p>\u201cYo pienso que&nbsp;<strong>Germaine<\/strong><strong>Dulac<\/strong>&nbsp;trabaj\u00f3 sobre una grabaci\u00f3n primigenia de alguno de los dos arabescos de&nbsp;<strong>Claude<\/strong><strong>Debussy<\/strong>, porque el cortometraje tiene una duraci\u00f3n parecida a esas piezas. Por eso se llama&nbsp;<em><strong>Blues<\/strong>&nbsp;<strong>para<\/strong>&nbsp;<strong>Aquiles<\/strong><\/em>, porque ese era el segundo nombre de Debussy. Entonces es como una vuelta hacia atr\u00e1s, con una pieza dedicada a la figura de&nbsp;<strong>Debussy<\/strong>\u201d, explica&nbsp;<strong>N\u00fa\u00f1ez<\/strong>, quien tambi\u00e9n asumir\u00e1 la direcci\u00f3n de su obra y de dos piezas que abren el programa: el&nbsp;<strong><em>Arabesco N\u00ba 1<\/em><\/strong>&nbsp;y el famoso<strong>&nbsp;<em>Claro de Luna<\/em><\/strong>, del mismo autor franc\u00e9s.<\/p>\n\n\n\n<p>Formado en la Universidad de Chile y el Conservatorio del Liceu de Barcelona,&nbsp;<strong>N\u00fa\u00f1ez<\/strong>&nbsp;ha dirigido a numerosas orquestas en Chile, Argentina y Per\u00fa, adem\u00e1s de componer para obras de teatro y crear cientos de arreglos para diferentes ensambles. Su trayectoria tambi\u00e9n ha tenido un foco popular, trabajando con agrupaciones y solistas como&nbsp;<strong>Congreso<\/strong>&nbsp;y&nbsp;<strong>Horacio<\/strong><strong>Salinas<\/strong>. \u201cLa&nbsp;<strong>Usach<\/strong>&nbsp;es una orquesta que conozco hace tiempo y en buena hora realiza esta actividad. Es entretenido, porque probablemente el lugar m\u00e1s masivo para una obra es cuando aparece como&nbsp;<em>soundtrack<\/em>&nbsp;de una pel\u00edcula. Lo bonito, en este caso, es que son pel\u00edculas silentes, casi sin trama, entonces la m\u00fasica es la que sostiene todo\u201d, concluye.<\/p>\n\n\n\n<figure class=\"wp-block-image size-large\"><img decoding=\"async\" width=\"819\" height=\"1024\" src=\"https:\/\/www.espaciomatta.cl\/web\/wp-content\/uploads\/2025\/10\/AFICHE-ORQUESTA-USACH--819x1024.png\" alt=\"\" class=\"wp-image-15716\" srcset=\"https:\/\/www.espaciomatta.cl\/web\/wp-content\/uploads\/2025\/10\/AFICHE-ORQUESTA-USACH--819x1024.png 819w, https:\/\/www.espaciomatta.cl\/web\/wp-content\/uploads\/2025\/10\/AFICHE-ORQUESTA-USACH--240x300.png 240w, https:\/\/www.espaciomatta.cl\/web\/wp-content\/uploads\/2025\/10\/AFICHE-ORQUESTA-USACH--768x960.png 768w, https:\/\/www.espaciomatta.cl\/web\/wp-content\/uploads\/2025\/10\/AFICHE-ORQUESTA-USACH--1229x1536.png 1229w, https:\/\/www.espaciomatta.cl\/web\/wp-content\/uploads\/2025\/10\/AFICHE-ORQUESTA-USACH--1638x2048.png 1638w, https:\/\/www.espaciomatta.cl\/web\/wp-content\/uploads\/2025\/10\/AFICHE-ORQUESTA-USACH-.png 1920w\" sizes=\"(max-width: 819px) 100vw, 819px\" \/><\/figure>\n","protected":false},"excerpt":{"rendered":"<p>Cine y m\u00fasica en vivo: la Orquesta Usach ofrece un concierto gratuito en La Granja Cortometrajes de comienzos del siglo XX, filmados en Chile y Francia, ser\u00e1n proyectados junto a [&hellip;]<\/p>\n","protected":false},"author":60,"featured_media":15718,"comment_status":"closed","ping_status":"","sticky":false,"template":"","format":"standard","meta":{"_price":"","_stock":"","_tribe_ticket_header":"","_tribe_default_ticket_provider":"","_ticket_start_date":"","_ticket_end_date":"","_tribe_ticket_show_description":"","_tribe_ticket_show_not_going":false,"_tribe_ticket_use_global_stock":"","_tribe_ticket_global_stock_level":"","_global_stock_mode":"","_global_stock_cap":"","_tribe_rsvp_for_event":"","_tribe_ticket_going_count":"","_tribe_ticket_not_going_count":"","_tribe_tickets_list":"[]","_tribe_ticket_has_attendee_info_fields":false,"footnotes":""},"categories":[1],"tags":[],"class_list":["post-15715","post","type-post","status-publish","format-standard","has-post-thumbnail","hentry","category-ballet-municipal"],"_links":{"self":[{"href":"https:\/\/www.espaciomatta.cl\/web\/wp-json\/wp\/v2\/posts\/15715","targetHints":{"allow":["GET"]}}],"collection":[{"href":"https:\/\/www.espaciomatta.cl\/web\/wp-json\/wp\/v2\/posts"}],"about":[{"href":"https:\/\/www.espaciomatta.cl\/web\/wp-json\/wp\/v2\/types\/post"}],"author":[{"embeddable":true,"href":"https:\/\/www.espaciomatta.cl\/web\/wp-json\/wp\/v2\/users\/60"}],"replies":[{"embeddable":true,"href":"https:\/\/www.espaciomatta.cl\/web\/wp-json\/wp\/v2\/comments?post=15715"}],"version-history":[{"count":1,"href":"https:\/\/www.espaciomatta.cl\/web\/wp-json\/wp\/v2\/posts\/15715\/revisions"}],"predecessor-version":[{"id":15719,"href":"https:\/\/www.espaciomatta.cl\/web\/wp-json\/wp\/v2\/posts\/15715\/revisions\/15719"}],"wp:featuredmedia":[{"embeddable":true,"href":"https:\/\/www.espaciomatta.cl\/web\/wp-json\/wp\/v2\/media\/15718"}],"wp:attachment":[{"href":"https:\/\/www.espaciomatta.cl\/web\/wp-json\/wp\/v2\/media?parent=15715"}],"wp:term":[{"taxonomy":"category","embeddable":true,"href":"https:\/\/www.espaciomatta.cl\/web\/wp-json\/wp\/v2\/categories?post=15715"},{"taxonomy":"post_tag","embeddable":true,"href":"https:\/\/www.espaciomatta.cl\/web\/wp-json\/wp\/v2\/tags?post=15715"}],"curies":[{"name":"wp","href":"https:\/\/api.w.org\/{rel}","templated":true}]}}