{"id":1691,"date":"2022-03-08T01:57:49","date_gmt":"2022-03-08T04:57:49","guid":{"rendered":"https:\/\/espaciomatta.cl\/web\/?p=1691"},"modified":"2022-11-23T19:28:24","modified_gmt":"2022-11-23T22:28:24","slug":"orquesta-sinfonica-de-la-granja-inicia-su-periodo-de-matriculas-2022","status":"publish","type":"post","link":"https:\/\/www.espaciomatta.cl\/web\/orquesta-sinfonica-de-la-granja-inicia-su-periodo-de-matriculas-2022\/","title":{"rendered":"ORQUESTA SINF\u00d3NICA DE LA GRANJA INICIA SU PERIODO DE MATR\u00cdCULAS 2022"},"content":{"rendered":"\n<p><\/p>\n\n\n\n<p>Como ya es habitual en Espacio Matta el mes de marzo la Orquesta Sinf\u00f3nica Municipal de La Granja inicia nuevo per\u00edodo de matr\u00edculas, para recibir todos aquellos amantes de la m\u00fasica que deseen aprender y poner en practica sus habilidades. <\/p>\n\n\n\n<p>El proceso este a\u00f1o se extender\u00e1 hasta el jueves 31 de marzo y se realizar\u00e1 mediante un formulario de inscripci\u00f3n con cupos limitados. A continuaci\u00f3n el detalle:<\/p>\n\n\n\n<p><\/p>\n\n\n\n<p><strong>VALORES<\/strong><\/p>\n\n\n\n<p>Cursos Orquesta: Matr\u00edcula y Mensualidad: $5.000<\/p>\n\n\n\n<p>MiniOrquesta: Matr\u00edcula $5.000 y Mensualidad $15.000<\/p>\n\n\n\n<p><strong>INSTRUMENTOS<\/strong><\/p>\n\n\n\n<p>Piano, Viol\u00edn, Viola, Violoncello, Contrabajo, Flauta Traversa, Percusi\u00f3n, Clarinete, Tromb\u00f3n, Trompeta, Corno y Guitarra.\u00a0<\/p>\n\n\n\n<p><strong>FORMULARIO<\/strong><\/p>\n\n\n\n<p>Link de Inscripci\u00f3n: <a href=\"https:\/\/forms.gle\/v5eEAfv2fJ5ThUCd8\">https:\/\/forms.gle\/v5eEAfv2fJ5ThUCd8<\/a><\/p>\n\n\n\n<p><strong>HORARIO<\/strong><\/p>\n\n\n\n<div class=\"wp-block-file\"><a href=\"https:\/\/espaciomatta.cl\/web\/web\/wp-content\/uploads\/2022\/03\/HORARIOS-ORQUESTA-SINFONICA-DE-LA-GRANJA-2022.docx\">Horarios 2022<\/a><a href=\"https:\/\/espaciomatta.cl\/web\/web\/wp-content\/uploads\/2022\/03\/HORARIOS-ORQUESTA-SINFONICA-DE-LA-GRANJA-2022.docx\" class=\"wp-block-file__button\" download>Descarga<\/a><\/div>\n\n\n\n<p> M\u00e1s informaci\u00f3n al correo <a href=\"mailto:coordinacion.orquestaccem@gmail.com\">coordinacion.orquestaccem@gmail.com<\/a><\/p>\n","protected":false},"excerpt":{"rendered":"<p>Como ya es habitual en Espacio Matta el mes de marzo la Orquesta Sinf\u00f3nica Municipal de La Granja inicia nuevo per\u00edodo de matr\u00edculas, para recibir todos aquellos amantes de la [&hellip;]<\/p>\n","protected":false},"author":48,"featured_media":1693,"comment_status":"closed","ping_status":"closed","sticky":false,"template":"","format":"standard","meta":{"_price":"","_stock":"","_tribe_ticket_header":"","_tribe_default_ticket_provider":"","_ticket_start_date":"","_ticket_end_date":"","_tribe_ticket_show_description":"","_tribe_ticket_show_not_going":false,"_tribe_ticket_use_global_stock":"","_tribe_ticket_global_stock_level":"","_global_stock_mode":"","_global_stock_cap":"","_tribe_rsvp_for_event":"","_tribe_ticket_going_count":"","_tribe_ticket_not_going_count":"","_tribe_tickets_list":"[]","_tribe_ticket_has_attendee_info_fields":false,"footnotes":""},"categories":[8,6],"tags":[],"class_list":["post-1691","post","type-post","status-publish","format-standard","has-post-thumbnail","hentry","category-noticias","category-orquesta-sinfonifa-municipal"],"_links":{"self":[{"href":"https:\/\/www.espaciomatta.cl\/web\/wp-json\/wp\/v2\/posts\/1691","targetHints":{"allow":["GET"]}}],"collection":[{"href":"https:\/\/www.espaciomatta.cl\/web\/wp-json\/wp\/v2\/posts"}],"about":[{"href":"https:\/\/www.espaciomatta.cl\/web\/wp-json\/wp\/v2\/types\/post"}],"author":[{"embeddable":true,"href":"https:\/\/www.espaciomatta.cl\/web\/wp-json\/wp\/v2\/users\/48"}],"replies":[{"embeddable":true,"href":"https:\/\/www.espaciomatta.cl\/web\/wp-json\/wp\/v2\/comments?post=1691"}],"version-history":[{"count":0,"href":"https:\/\/www.espaciomatta.cl\/web\/wp-json\/wp\/v2\/posts\/1691\/revisions"}],"wp:featuredmedia":[{"embeddable":true,"href":"https:\/\/www.espaciomatta.cl\/web\/wp-json\/wp\/v2\/media\/1693"}],"wp:attachment":[{"href":"https:\/\/www.espaciomatta.cl\/web\/wp-json\/wp\/v2\/media?parent=1691"}],"wp:term":[{"taxonomy":"category","embeddable":true,"href":"https:\/\/www.espaciomatta.cl\/web\/wp-json\/wp\/v2\/categories?post=1691"},{"taxonomy":"post_tag","embeddable":true,"href":"https:\/\/www.espaciomatta.cl\/web\/wp-json\/wp\/v2\/tags?post=1691"}],"curies":[{"name":"wp","href":"https:\/\/api.w.org\/{rel}","templated":true}]}}