{"id":17756,"date":"2025-12-01T08:55:25","date_gmt":"2025-12-01T11:55:25","guid":{"rendered":"https:\/\/www.espaciomatta.cl\/web\/?p=17756"},"modified":"2025-12-01T09:27:29","modified_gmt":"2025-12-01T12:27:29","slug":"la-musica-como-territorio-entrevista-a-nicolas-acevedo-profesor-de-la-orquesta-sinfonica-juvenil-e-infantil-de-la-granja","status":"publish","type":"post","link":"https:\/\/www.espaciomatta.cl\/web\/la-musica-como-territorio-entrevista-a-nicolas-acevedo-profesor-de-la-orquesta-sinfonica-juvenil-e-infantil-de-la-granja\/","title":{"rendered":"\u201cLa m\u00fasica como territorio\u201d: Entrevista a Nicol\u00e1s Acevedo, profesor de la Orquesta Sinf\u00f3nica Juvenil e Infantil de La Granja"},"content":{"rendered":"\n<p class=\"has-large-font-size\">\u201cLa m\u00fasica como territorio\u201d: Entrevista a Nicol\u00e1s Acevedo, profesor de la Orquesta Sinf\u00f3nica Juvenil e Infantil de La Granja.<\/p>\n\n\n\n<figure class=\"wp-block-image size-large\"><img fetchpriority=\"high\" decoding=\"async\" width=\"2048\" height=\"1365\" src=\"https:\/\/www.espaciomatta.cl\/web\/wp-content\/uploads\/2025\/12\/WhatsApp-Image-2025-11-27-at-5.05.53-PM-1-2048x1365.jpeg\" alt=\"Fotograf\u00eda: Julio Cerda\" class=\"wp-image-17760\" srcset=\"https:\/\/www.espaciomatta.cl\/web\/wp-content\/uploads\/2025\/12\/WhatsApp-Image-2025-11-27-at-5.05.53-PM-1-2048x1365.jpeg 2048w, https:\/\/www.espaciomatta.cl\/web\/wp-content\/uploads\/2025\/12\/WhatsApp-Image-2025-11-27-at-5.05.53-PM-1-300x200.jpeg 300w, https:\/\/www.espaciomatta.cl\/web\/wp-content\/uploads\/2025\/12\/WhatsApp-Image-2025-11-27-at-5.05.53-PM-1-768x512.jpeg 768w, https:\/\/www.espaciomatta.cl\/web\/wp-content\/uploads\/2025\/12\/WhatsApp-Image-2025-11-27-at-5.05.53-PM-1-1536x1024.jpeg 1536w\" sizes=\"(max-width: 2048px) 100vw, 2048px\" \/><\/figure>\n\n\n\n<p><strong>Fabi\u00e1n Corbal\u00e1n, periodista<\/strong> \/ <strong>Fotograf\u00edas. Julio Cerda<\/strong><\/p>\n\n\n\n<p><strong>Lunes 1 de diciembre.<\/strong>  La Orquesta Sinf\u00f3nica Juvenil e Infantil de La Granja cumple casi dos d\u00e9cadas transformando vidas a trav\u00e9s de la m\u00fasica. Lo que comenz\u00f3 como un proyecto comunitario hoy se consolida como un referente art\u00edstico y social a nivel nacional. Desde la Corporacion Cultural de La Granja Conversamos con <strong>Nicol\u00e1s Acevedo<\/strong>, profesor y parte fundamental de este proyecto, para conocer la trayectoria, el esp\u00edritu comunitario y los desaf\u00edos que vienen.<\/p>\n\n\n\n<p><strong>\u00bfC\u00f3mo nace este proyecto y c\u00f3mo ha evolucionado en estos a\u00f1os?<\/strong><\/p>\n\n\n\n<p>La orquesta comenz\u00f3 a gestarse alrededor de <strong>2006<\/strong>, impulsada desde la Casa de la Cultura y con la participaci\u00f3n de j\u00f3venes de la comuna. Yo llegu\u00e9 un poco despu\u00e9s, entre 2009 y 2010, en un momento muy significativo: se estaba componiendo el <strong>Himno del Bicentenario<\/strong>, impulsado por el hoy alcalde Claudio Arriagada, y ese proceso tambi\u00e9n fortaleci\u00f3 la creaci\u00f3n del elenco para La Granja.<\/p>\n\n\n\n<p>Desde entonces, hemos pasado por etapas formativas y otras de alta exigencia art\u00edstica. Lo que parti\u00f3 como un peque\u00f1o conjunto hoy re\u00fane <strong>cerca de 180 a 200 estudiantes<\/strong>, y muchos de ellos han continuado su camino profesional en la m\u00fasica. De hecho, la mayor\u00eda de los profesores actuales fueron alumnos de esta misma orquesta. Esa continuidad es muy emocionante.<\/p>\n\n\n\n<p><strong>Si tuvieras que definir el coraz\u00f3n del proyecto en 2025, \u00bfqu\u00e9 ser\u00eda?<\/strong><\/p>\n\n\n\n<p>Sin duda, el <strong>sentido de pertenencia comunitaria<\/strong>. Eso es lo que vuelve especial a esta orquesta. No somos el Teatro Municipal (de Santiago) ni buscamos replicarlo. Aqu\u00ed conviven estudiantes, vecinos, padres y apoderados que incluso participan tocando. Es una orquesta formativa, s\u00ed, pero profundamente comunitaria.<\/p>\n\n\n\n<p>Podr\u00eda llamarse perfectamente una <strong><em>orquesta sinf\u00f3nica comunitaria<\/em><\/strong>. Si bien ac\u00e1 se forman m\u00fasicos, lo central es que la m\u00fasica sea un espacio que nos une como territorio.<\/p>\n\n\n\n<figure class=\"wp-block-image size-large\"><img decoding=\"async\" width=\"2048\" height=\"1365\" src=\"https:\/\/www.espaciomatta.cl\/web\/wp-content\/uploads\/2025\/12\/WhatsApp-Image-2025-11-27-at-5.09.20-PM-2048x1365.jpeg\" alt=\"Fotograf\u00eda: Julio Cerda\n\" class=\"wp-image-17762\" srcset=\"https:\/\/www.espaciomatta.cl\/web\/wp-content\/uploads\/2025\/12\/WhatsApp-Image-2025-11-27-at-5.09.20-PM-2048x1365.jpeg 2048w, https:\/\/www.espaciomatta.cl\/web\/wp-content\/uploads\/2025\/12\/WhatsApp-Image-2025-11-27-at-5.09.20-PM-300x200.jpeg 300w, https:\/\/www.espaciomatta.cl\/web\/wp-content\/uploads\/2025\/12\/WhatsApp-Image-2025-11-27-at-5.09.20-PM-768x512.jpeg 768w, https:\/\/www.espaciomatta.cl\/web\/wp-content\/uploads\/2025\/12\/WhatsApp-Image-2025-11-27-at-5.09.20-PM-1536x1024.jpeg 1536w\" sizes=\"(max-width: 2048px) 100vw, 2048px\" \/><\/figure>\n\n\n\n<p><strong>El alcalde Claudio Arriagada Macaya, ha impulsado una mirada de cultura como herramienta social, comunitaria y tambi\u00e9n preventiva. \u00bfC\u00f3mo ves ese enfoque desde tu rol?<\/strong><\/p>\n\n\n\n<p>Tenemos un desaf\u00edo enorme. Estuve muchos a\u00f1os viendo c\u00f3mo las actividades culturales se concentraban en espacios espec\u00edficos, pero en este \u00faltimo tiempo la cultura se ha desplegado con fuerza en los <strong>centros culturales territoriales<\/strong>. La actividad ha crecido much\u00edsimo, y la cultura se ha acercado como nunca a los vecinos.<\/p>\n\n\n\n<p>Nuestro desaf\u00edo ahora es aportar a esa visi\u00f3n del alcalde de que la cultura llegue a todo el territorio. La m\u00fasica no es solo arte: es contenci\u00f3n, prevenci\u00f3n, encuentro y desarrollo para ni\u00f1os, j\u00f3venes y familias. Y nosotros, como elenco, debemos estar a la altura de esa responsabilidad.<\/p>\n\n\n\n<p><strong>Este a\u00f1o el proyecto alcanza un hito hist\u00f3rico: \u00bfC\u00f3mo nace esta gira y qu\u00e9 significa para ustedes?<\/strong><\/p>\n\n\n\n<p>El viaje surge de una propuesta de nuestro alcalde, Claudio Arriagada y el trabajo log\u00edstico, planificado y estrat\u00e9gico de la Corporaci\u00f3n Cultural . Desde el principio ella plante\u00f3 que deb\u00edamos <strong>sacar la orquesta al territorio<\/strong>, pero tambi\u00e9n llevarla hacia un espacio de <strong>excelencia art\u00edstica<\/strong>. A veces se piensa que trabajo social y excelencia son caminos separados, pero nosotros hemos demostrado que pueden convivir.<\/p>\n\n\n\n<p>Recibimos una invitaci\u00f3n oficial desde <strong>Paraguay <\/strong>para participar en la celebraci\u00f3n del <strong>Centenario de la Guarania<\/strong>, un patrimonio cultural reconocido incluso por la UNESCO. All\u00ed representaremos a Chile con m\u00fasica nacional y viviremos una experiencia art\u00edstica de primer nivel.<\/p>\n\n\n\n<p>Es un sue\u00f1o que marca un antes y un despu\u00e9s para el elenco.<\/p>\n\n\n\n<p><strong>Muchos de estos ni\u00f1os y j\u00f3venes viajar\u00e1n por primera vez fuera de Chile. \u00bfQu\u00e9 significa eso para ellos y para la comunidad?<\/strong><\/p>\n\n\n\n<p>Tiene un impacto enorme. Este tipo de proyectos genera beneficios en m\u00faltiples dimensiones: identidad, compromiso, disciplina, orgullo territorial y un v\u00ednculo profundo con su comuna.<\/p>\n\n\n\n<p>Adem\u00e1s, llevar adelante una gira internacional en menos de cinco meses \u2014 considerando log\u00edstica, alojamiento, itinerancia, transporte y financiamiento\u2014 es un desaf\u00edo tit\u00e1nico. La municipalidad y la Corporaci\u00f3n Cultural han sido fundamentales<\/p>\n\n\n\n<p>para concretarlo. Esto demuestra que cuando las instituciones se articulan bien, se pueden lograr cosas extraordinarias.<\/p>\n\n\n\n<p><strong>Para cerrar, \u00bfqu\u00e9 mensaje le dar\u00edas a los j\u00f3venes que sue\u00f1an con acercarse a la m\u00fasica?<\/strong><\/p>\n\n\n\n<p>Los invito a acercarse a la m\u00fasica en todas sus formas, no solo a la cl\u00e1sica. El arte tiene muchas puertas y nosotros estamos aqu\u00ed para abrirlas. Queremos recibirlos, acompa\u00f1arlos y caminar juntos.<\/p>\n\n\n\n<p>La orquesta pertenece a los vecinos: ni\u00f1os, j\u00f3venes y adultos. Y el futuro del elenco depende de quienes quieran sumarse, aprender, emocionarse y crear comunidad a trav\u00e9s de la m\u00fasica.<\/p>\n\n\n\n<figure class=\"wp-block-image size-large\"><img decoding=\"async\" width=\"2048\" height=\"1365\" src=\"https:\/\/www.espaciomatta.cl\/web\/wp-content\/uploads\/2025\/12\/WhatsApp-Image-2025-11-27-at-5.00.37-PM-2048x1365.jpeg\" alt=\"\" class=\"wp-image-17763\" srcset=\"https:\/\/www.espaciomatta.cl\/web\/wp-content\/uploads\/2025\/12\/WhatsApp-Image-2025-11-27-at-5.00.37-PM-2048x1365.jpeg 2048w, https:\/\/www.espaciomatta.cl\/web\/wp-content\/uploads\/2025\/12\/WhatsApp-Image-2025-11-27-at-5.00.37-PM-300x200.jpeg 300w, https:\/\/www.espaciomatta.cl\/web\/wp-content\/uploads\/2025\/12\/WhatsApp-Image-2025-11-27-at-5.00.37-PM-768x512.jpeg 768w, https:\/\/www.espaciomatta.cl\/web\/wp-content\/uploads\/2025\/12\/WhatsApp-Image-2025-11-27-at-5.00.37-PM-1536x1024.jpeg 1536w\" sizes=\"(max-width: 2048px) 100vw, 2048px\" \/><\/figure>\n\n\n\n<p><\/p>\n","protected":false},"excerpt":{"rendered":"<p>\u201cLa m\u00fasica como territorio\u201d: Entrevista a Nicol\u00e1s Acevedo, profesor de la Orquesta Sinf\u00f3nica Juvenil e Infantil de La Granja. Fabi\u00e1n Corbal\u00e1n, periodista \/ Fotograf\u00edas. Julio Cerda Lunes 1 de diciembre. [&hellip;]<\/p>\n","protected":false},"author":60,"featured_media":17761,"comment_status":"closed","ping_status":"","sticky":false,"template":"","format":"standard","meta":{"_price":"","_stock":"","_tribe_ticket_header":"","_tribe_default_ticket_provider":"","_ticket_start_date":"","_ticket_end_date":"","_tribe_ticket_show_description":"","_tribe_ticket_show_not_going":false,"_tribe_ticket_use_global_stock":"","_tribe_ticket_global_stock_level":"","_global_stock_mode":"","_global_stock_cap":"","_tribe_rsvp_for_event":"","_tribe_ticket_going_count":"","_tribe_ticket_not_going_count":"","_tribe_tickets_list":"[]","_tribe_ticket_has_attendee_info_fields":false,"footnotes":""},"categories":[12,17,8,6],"tags":[20,21],"class_list":["post-17756","post","type-post","status-publish","format-standard","has-post-thumbnail","hentry","category-centros-culturales","category-destacados","category-noticias","category-orquesta-sinfonifa-municipal","tag-espaciomatta","tag-lagranja"],"_links":{"self":[{"href":"https:\/\/www.espaciomatta.cl\/web\/wp-json\/wp\/v2\/posts\/17756","targetHints":{"allow":["GET"]}}],"collection":[{"href":"https:\/\/www.espaciomatta.cl\/web\/wp-json\/wp\/v2\/posts"}],"about":[{"href":"https:\/\/www.espaciomatta.cl\/web\/wp-json\/wp\/v2\/types\/post"}],"author":[{"embeddable":true,"href":"https:\/\/www.espaciomatta.cl\/web\/wp-json\/wp\/v2\/users\/60"}],"replies":[{"embeddable":true,"href":"https:\/\/www.espaciomatta.cl\/web\/wp-json\/wp\/v2\/comments?post=17756"}],"version-history":[{"count":4,"href":"https:\/\/www.espaciomatta.cl\/web\/wp-json\/wp\/v2\/posts\/17756\/revisions"}],"predecessor-version":[{"id":17768,"href":"https:\/\/www.espaciomatta.cl\/web\/wp-json\/wp\/v2\/posts\/17756\/revisions\/17768"}],"wp:featuredmedia":[{"embeddable":true,"href":"https:\/\/www.espaciomatta.cl\/web\/wp-json\/wp\/v2\/media\/17761"}],"wp:attachment":[{"href":"https:\/\/www.espaciomatta.cl\/web\/wp-json\/wp\/v2\/media?parent=17756"}],"wp:term":[{"taxonomy":"category","embeddable":true,"href":"https:\/\/www.espaciomatta.cl\/web\/wp-json\/wp\/v2\/categories?post=17756"},{"taxonomy":"post_tag","embeddable":true,"href":"https:\/\/www.espaciomatta.cl\/web\/wp-json\/wp\/v2\/tags?post=17756"}],"curies":[{"name":"wp","href":"https:\/\/api.w.org\/{rel}","templated":true}]}}