{"id":17895,"date":"2025-12-04T10:57:18","date_gmt":"2025-12-04T13:57:18","guid":{"rendered":"https:\/\/www.espaciomatta.cl\/web\/?p=17895"},"modified":"2025-12-04T10:57:18","modified_gmt":"2025-12-04T13:57:18","slug":"orquesta-sinfonica-de-la-granja-inicia-su-viaje-a-paraguay-para-representar-a-chile-en-la-fiesta-de-los-pueblos","status":"publish","type":"post","link":"https:\/\/www.espaciomatta.cl\/web\/orquesta-sinfonica-de-la-granja-inicia-su-viaje-a-paraguay-para-representar-a-chile-en-la-fiesta-de-los-pueblos\/","title":{"rendered":"Orquesta Sinf\u00f3nica de La Granja inicia su viaje a Paraguay para representar a Chile en la \u201cFiesta de los Pueblos\u201d\u00a0"},"content":{"rendered":"\n<p class=\"has-medium-font-size\"><strong>Orquesta Sinf\u00f3nica de La Granja inicia su viaje a Paraguay para representar a Chile en la \u201cFiesta de los Pueblos\u201d<\/strong>\u00a0<\/p>\n\n\n\n<figure class=\"wp-block-image size-full\"><img fetchpriority=\"high\" decoding=\"async\" width=\"1280\" height=\"960\" src=\"https:\/\/www.espaciomatta.cl\/web\/wp-content\/uploads\/2025\/12\/WhatsApp-Image-2025-12-04-at-10.39.15-AM.jpeg\" alt=\"\" class=\"wp-image-17897\" srcset=\"https:\/\/www.espaciomatta.cl\/web\/wp-content\/uploads\/2025\/12\/WhatsApp-Image-2025-12-04-at-10.39.15-AM.jpeg 1280w, https:\/\/www.espaciomatta.cl\/web\/wp-content\/uploads\/2025\/12\/WhatsApp-Image-2025-12-04-at-10.39.15-AM-300x225.jpeg 300w, https:\/\/www.espaciomatta.cl\/web\/wp-content\/uploads\/2025\/12\/WhatsApp-Image-2025-12-04-at-10.39.15-AM-768x576.jpeg 768w\" sizes=\"(max-width: 1280px) 100vw, 1280px\" \/><\/figure>\n\n\n\n<p>Fabi\u00e1n Corbal\u00e1n, periodista.&nbsp;&nbsp;<\/p>\n\n\n\n<p><strong>Jueves 4 de&nbsp;diciembre.-&nbsp;<\/strong>En un emocionante hito para la cultura local, la Orquesta Sinf\u00f3nica de La Granja parti\u00f3 la noche del mi\u00e9rcoles rumbo a Paraguay para participar en la prestigiosa&nbsp;<strong>\u201cFiesta de los Pueblos\u201d<\/strong>, un encuentro internacional que re\u00fane a delegaciones art\u00edsticas de diversas naciones con el objetivo de celebrar la diversidad cultural, el di\u00e1logo intercultural y la identidad de los territorios. Este evento, reconocido por su aporte a la salvaguarda del patrimonio inmaterial, cuenta con el respaldo de la&nbsp;<strong>UNESCO<\/strong>, que destaca su rol en la promoci\u00f3n del entendimiento entre los pueblos a trav\u00e9s de la m\u00fasica y las artes.&nbsp;<\/p>\n\n\n\n<p>La delegaci\u00f3n&nbsp;granjina&nbsp;est\u00e1 compuesta por&nbsp;<strong>22 personas<\/strong>, entre m\u00fasicos y profesores, quienes llevar\u00e1n el talento, el trabajo formativo y el esp\u00edritu comunitario de nuestra comuna a este importante escenario latinoamericano. Uno de los aspectos m\u00e1s significativos del viaje es la presencia de j\u00f3venes cuyas edades fluct\u00faan entre los&nbsp;<strong>10 y los 26 a\u00f1os<\/strong>, muchos de los cuales vivir\u00e1n por primera vez la experiencia de presentarse en el extranjero.&nbsp;<\/p>\n\n\n\n<p>El presidente de la Corporaci\u00f3n Cultural de La Granja y alcalde de la comuna,&nbsp;<strong>Claudio Arriagada<\/strong>, destac\u00f3 la trascendencia de esta participaci\u00f3n:&nbsp;<br><strong>\u201cNuestra orquesta es el reflejo de lo mejor de La Granja: talento, disciplina, sue\u00f1os y oportunidades. Que hoy sean nuestros propios j\u00f3venes quienes lleven el nombre de la comuna y del pa\u00eds a un escenario internacional es un orgullo inmenso y una se\u00f1al del camino que queremos seguir construyendo en cultura y educaci\u00f3n.<\/strong>&nbsp;<\/p>\n\n\n\n<p>Para las familias, este viaje tambi\u00e9n representa un logro colectivo y un motivo de profunda alegr\u00eda. As\u00ed lo expres\u00f3&nbsp;<strong>Beatriz<\/strong>,&nbsp;madre de Emilio,&nbsp;uno de los j\u00f3venes que integra la delegaci\u00f3n:&nbsp;<br><strong>\u201cVer a nuestros hijos vivir algo as\u00ed es emocionante. Han trabajado duro, han crecido como m\u00fasicos y como personas. Nos llena de orgullo saber que mostrar\u00e1n su esfuerzo ante el mundo.\u201d<\/strong>&nbsp;<\/p>\n\n\n\n<p>Entre los integrantes m\u00e1s j\u00f3venes destaca&nbsp;<strong>Ruben&nbsp;Aguayo<\/strong>, de 10 a\u00f1os, quien lleva cuatro a\u00f1os formando parte de la orquesta. Antes de embarcar, se\u00f1al\u00f3 con entusiasmo:&nbsp;<br><strong>\u201cRepresentar a mi comuna en otro pa\u00eds me llena de orgullo. Quiero seguir aprendiendo y perfeccion\u00e1ndome en el viol\u00edn para llegar cada vez m\u00e1s lejos.\u201d<\/strong>&nbsp;<\/p>\n\n\n\n<p>Tambi\u00e9n viaja&nbsp;<strong>Bel\u00e9n Aravena<\/strong>, de 26 a\u00f1os, quien toca cello y ha tenido un recorrido especial dentro del proyecto:&nbsp;<br><strong>\u201cEste proyecto me cambi\u00f3 la vida. Me dio un espacio para crecer, para creer en mis capacidades y para so\u00f1ar. Hoy viajar con mis compa\u00f1eros es un regalo que jam\u00e1s imagin\u00e9.\u201d<\/strong>&nbsp;<\/p>\n\n\n\n<p>La Corporaci\u00f3n Cultural de La Granja celebra este importante logro y reafirma su compromiso de seguir impulsando iniciativas que ampl\u00eden horizontes, generen oportunidades y fortalezcan la identidad cultural de nuestros ni\u00f1os, j\u00f3venes y familias.&nbsp;<\/p>\n\n\n\n<p>La Orquesta Sinf\u00f3nica de La Granja ya est\u00e1 en camino. Y con ellos, el orgullo, el talento y la esperanza de toda una comuna.&nbsp;<\/p>\n","protected":false},"excerpt":{"rendered":"<p>Orquesta Sinf\u00f3nica de La Granja inicia su viaje a Paraguay para representar a Chile en la \u201cFiesta de los Pueblos\u201d\u00a0 Fabi\u00e1n Corbal\u00e1n, periodista.&nbsp;&nbsp; Jueves 4 de&nbsp;diciembre.-&nbsp;En un emocionante hito para [&hellip;]<\/p>\n","protected":false},"author":60,"featured_media":17896,"comment_status":"closed","ping_status":"","sticky":false,"template":"","format":"standard","meta":{"_price":"","_stock":"","_tribe_ticket_header":"","_tribe_default_ticket_provider":"","_ticket_start_date":"","_ticket_end_date":"","_tribe_ticket_show_description":"","_tribe_ticket_show_not_going":false,"_tribe_ticket_use_global_stock":"","_tribe_ticket_global_stock_level":"","_global_stock_mode":"","_global_stock_cap":"","_tribe_rsvp_for_event":"","_tribe_ticket_going_count":"","_tribe_ticket_not_going_count":"","_tribe_tickets_list":"[]","_tribe_ticket_has_attendee_info_fields":false,"footnotes":""},"categories":[17,8,6],"tags":[20],"class_list":["post-17895","post","type-post","status-publish","format-standard","has-post-thumbnail","hentry","category-destacados","category-noticias","category-orquesta-sinfonifa-municipal","tag-espaciomatta"],"_links":{"self":[{"href":"https:\/\/www.espaciomatta.cl\/web\/wp-json\/wp\/v2\/posts\/17895","targetHints":{"allow":["GET"]}}],"collection":[{"href":"https:\/\/www.espaciomatta.cl\/web\/wp-json\/wp\/v2\/posts"}],"about":[{"href":"https:\/\/www.espaciomatta.cl\/web\/wp-json\/wp\/v2\/types\/post"}],"author":[{"embeddable":true,"href":"https:\/\/www.espaciomatta.cl\/web\/wp-json\/wp\/v2\/users\/60"}],"replies":[{"embeddable":true,"href":"https:\/\/www.espaciomatta.cl\/web\/wp-json\/wp\/v2\/comments?post=17895"}],"version-history":[{"count":1,"href":"https:\/\/www.espaciomatta.cl\/web\/wp-json\/wp\/v2\/posts\/17895\/revisions"}],"predecessor-version":[{"id":17898,"href":"https:\/\/www.espaciomatta.cl\/web\/wp-json\/wp\/v2\/posts\/17895\/revisions\/17898"}],"wp:featuredmedia":[{"embeddable":true,"href":"https:\/\/www.espaciomatta.cl\/web\/wp-json\/wp\/v2\/media\/17896"}],"wp:attachment":[{"href":"https:\/\/www.espaciomatta.cl\/web\/wp-json\/wp\/v2\/media?parent=17895"}],"wp:term":[{"taxonomy":"category","embeddable":true,"href":"https:\/\/www.espaciomatta.cl\/web\/wp-json\/wp\/v2\/categories?post=17895"},{"taxonomy":"post_tag","embeddable":true,"href":"https:\/\/www.espaciomatta.cl\/web\/wp-json\/wp\/v2\/tags?post=17895"}],"curies":[{"name":"wp","href":"https:\/\/api.w.org\/{rel}","templated":true}]}}