{"id":25810,"date":"2026-04-09T10:34:03","date_gmt":"2026-04-09T14:34:03","guid":{"rendered":"https:\/\/www.espaciomatta.cl\/web\/?p=25810"},"modified":"2026-04-10T10:38:43","modified_gmt":"2026-04-10T14:38:43","slug":"la-granja-firma-convenio-para-fortalecer-la-cultura","status":"publish","type":"post","link":"https:\/\/www.espaciomatta.cl\/web\/la-granja-firma-convenio-para-fortalecer-la-cultura\/","title":{"rendered":"La Granja firma convenio para fortalecer la cultura \ud83e\udd1d"},"content":{"rendered":"\t\t<div data-elementor-type=\"wp-post\" data-elementor-id=\"25810\" class=\"elementor elementor-25810\" data-elementor-post-type=\"post\">\n\t\t\t\t\t\t<section class=\"elementor-section elementor-top-section elementor-element elementor-element-5e08790 elementor-section-boxed elementor-section-height-default elementor-section-height-default\" data-id=\"5e08790\" data-element_type=\"section\">\n\t\t\t\t\t\t<div class=\"elementor-container elementor-column-gap-default\">\n\t\t\t\t\t<div class=\"elementor-column elementor-col-100 elementor-top-column elementor-element elementor-element-f37719a\" data-id=\"f37719a\" data-element_type=\"column\">\n\t\t\t<div class=\"elementor-widget-wrap elementor-element-populated\">\n\t\t\t\t\t\t<div class=\"elementor-element elementor-element-3c3fa26 elementor-hidden-mobile elementor-widget elementor-widget-spacer\" data-id=\"3c3fa26\" data-element_type=\"widget\" data-widget_type=\"spacer.default\">\n\t\t\t\t<div class=\"elementor-widget-container\">\n\t\t\t\t\t\t\t<div class=\"elementor-spacer\">\n\t\t\t<div class=\"elementor-spacer-inner\"><\/div>\n\t\t<\/div>\n\t\t\t\t\t\t<\/div>\n\t\t\t\t<\/div>\n\t\t\t\t<div class=\"elementor-element elementor-element-7b82619 elementor-widget elementor-widget-heading\" data-id=\"7b82619\" data-element_type=\"widget\" data-widget_type=\"heading.default\">\n\t\t\t\t<div class=\"elementor-widget-container\">\n\t\t\t\t\t<h2 class=\"elementor-heading-title elementor-size-default\">La Granja firma convenio para fortalecer la cultura \ud83e\udd1d<\/h2>\t\t\t\t<\/div>\n\t\t\t\t<\/div>\n\t\t\t\t<div class=\"elementor-element elementor-element-730d833 elementor-widget elementor-widget-text-editor\" data-id=\"730d833\" data-element_type=\"widget\" data-widget_type=\"text-editor.default\">\n\t\t\t\t<div class=\"elementor-widget-container\">\n\t\t\t\t\t\t\t\t\t<p>Evento: 09 de Abril, 2026.<\/p>\t\t\t\t\t\t\t\t<\/div>\n\t\t\t\t<\/div>\n\t\t\t\t<div class=\"elementor-element elementor-element-cac30c9 elementor-widget__width-inherit elementor-widget elementor-widget-text-editor\" data-id=\"cac30c9\" data-element_type=\"widget\" data-widget_type=\"text-editor.default\">\n\t\t\t\t<div class=\"elementor-widget-container\">\n\t\t\t\t\t\t\t\t\t<div class=\"x14z9mp xat24cr x1lziwak x1vvkbs xtlvy1s x126k92a\"><div dir=\"auto\">Hoy seguimos avanzando en materias de vinculaci\u00f3n y trabajo colaborativo <span class=\"html-span xexx8yu xyri2b x18d9i69 x1c1uobl x1hl2dhg x16tdsg8 x1vvkbs x3nfvp2 x1j61x8r x1fcty0u xdj266r xat24cr xm2jcoa x1mpyi22 xxymvpz xlup9mm x1kky2od\"><img decoding=\"async\" class=\"xz74otr x15mokao x1ga7v0g x16uus16 xbiv7yw\" src=\"https:\/\/static.xx.fbcdn.net\/images\/emoji.php\/v9\/t64\/1\/16\/1f91d.png\" alt=\"\ud83e\udd1d\" width=\"16\" height=\"16\" \/><\/span><span class=\"html-span xexx8yu xyri2b x18d9i69 x1c1uobl x1hl2dhg x16tdsg8 x1vvkbs x3nfvp2 x1j61x8r x1fcty0u xdj266r xat24cr xm2jcoa x1mpyi22 xxymvpz xlup9mm x1kky2od\"><img decoding=\"async\" class=\"xz74otr x15mokao x1ga7v0g x16uus16 xbiv7yw\" src=\"https:\/\/static.xx.fbcdn.net\/images\/emoji.php\/v9\/tf4\/1\/16\/2728.png\" alt=\"\u2728\" width=\"16\" height=\"16\" \/><\/span><\/div><div dir=\"auto\">\u00a0<\/div><div dir=\"auto\">Este jueves sostuvimos una importante reuni\u00f3n junto a Fundaci\u00f3n Teatro del Lago, Fundaci\u00f3n Mustakis e ISAVIAS, instancia en la que nuestro Alcalde y Presidente del directorio Sr. Claudio Arriagada Macaya formaliz\u00f3 la firma de un convenio de colaboraci\u00f3n que nos permitir\u00e1 desarrollar nuevas iniciativas y proyectos en beneficio de nuestra comunidad.<\/div><\/div><div class=\"x14z9mp xat24cr x1lziwak x1vvkbs xtlvy1s x126k92a\"><div dir=\"auto\">\u00a0<\/div><div dir=\"auto\">Este acuerdo representa un paso muy significativo para seguir fortaleciendo nuestro trabajo cultural, especialmente en el desarrollo de programas dirigidos a las ni\u00f1eces y juventudes <span class=\"html-span xexx8yu xyri2b x18d9i69 x1c1uobl x1hl2dhg x16tdsg8 x1vvkbs x3nfvp2 x1j61x8r x1fcty0u xdj266r xat24cr xm2jcoa x1mpyi22 xxymvpz xlup9mm x1kky2od\"><img decoding=\"async\" class=\"xz74otr x15mokao x1ga7v0g x16uus16 xbiv7yw\" src=\"https:\/\/static.xx.fbcdn.net\/images\/emoji.php\/v9\/tae\/1\/16\/1f3ad.png\" alt=\"\ud83c\udfad\" width=\"16\" height=\"16\" \/><\/span><span class=\"html-span xexx8yu xyri2b x18d9i69 x1c1uobl x1hl2dhg x16tdsg8 x1vvkbs x3nfvp2 x1j61x8r x1fcty0u xdj266r xat24cr xm2jcoa x1mpyi22 xxymvpz xlup9mm x1kky2od\"><img loading=\"lazy\" decoding=\"async\" class=\"xz74otr x15mokao x1ga7v0g x16uus16 xbiv7yw\" src=\"https:\/\/static.xx.fbcdn.net\/images\/emoji.php\/v9\/t8d\/1\/16\/1f467.png\" alt=\"\ud83d\udc67\" width=\"16\" height=\"16\" \/><\/span><span class=\"html-span xexx8yu xyri2b x18d9i69 x1c1uobl x1hl2dhg x16tdsg8 x1vvkbs x3nfvp2 x1j61x8r x1fcty0u xdj266r xat24cr xm2jcoa x1mpyi22 xxymvpz xlup9mm x1kky2od\"><img loading=\"lazy\" decoding=\"async\" class=\"xz74otr x15mokao x1ga7v0g x16uus16 xbiv7yw\" src=\"https:\/\/static.xx.fbcdn.net\/images\/emoji.php\/v9\/tdf\/1\/16\/1f9d2.png\" alt=\"\ud83e\uddd2\" width=\"16\" height=\"16\" \/><\/span>.<\/div><div dir=\"auto\">\u00a0<\/div><div dir=\"auto\">Creemos firmemente que articular redes con instituciones de gran trayectoria permite ampliar oportunidades, innovar en nuestras propuestas y seguir acercando experiencias art\u00edsticas y educativas de calidad a nuestra comuna.<\/div><\/div><div class=\"x14z9mp xat24cr x1lziwak x1vvkbs xtlvy1s x126k92a\"><div dir=\"auto\">Para nuestra corporaci\u00f3n es muy valioso que organizaciones como estas hayan puesto su mirada en La Granja, reconociendo el trabajo de gesti\u00f3n cultural que se viene desarrollando y confiando en este territorio para impulsar nuevas actividades y procesos formativos que aporten al desarrollo cultural de nuestras comunidades.<\/div><\/div><div class=\"x14z9mp xat24cr x1lziwak x1vvkbs xtlvy1s x126k92a\"><div dir=\"auto\">\u00a0<\/div><div dir=\"auto\">Seguimos construyendo alianzas que abren puertas, generan oportunidades y fortalecen el acceso a la cultura <span class=\"html-span xexx8yu xyri2b x18d9i69 x1c1uobl x1hl2dhg x16tdsg8 x1vvkbs x3nfvp2 x1j61x8r x1fcty0u xdj266r xat24cr xm2jcoa x1mpyi22 xxymvpz xlup9mm x1kky2od\"><img loading=\"lazy\" decoding=\"async\" class=\"xz74otr x15mokao x1ga7v0g x16uus16 xbiv7yw\" src=\"https:\/\/static.xx.fbcdn.net\/images\/emoji.php\/v9\/ted\/1\/16\/1f4ab.png\" alt=\"\ud83d\udcab\" width=\"16\" height=\"16\" \/><\/span><\/div><\/div>\t\t\t\t\t\t\t\t<\/div>\n\t\t\t\t<\/div>\n\t\t\t\t<div class=\"elementor-element elementor-element-4aeaf64 elementor-widget elementor-widget-image\" data-id=\"4aeaf64\" data-element_type=\"widget\" data-widget_type=\"image.default\">\n\t\t\t\t<div class=\"elementor-widget-container\">\n\t\t\t\t\t\t\t\t\t\t\t\t\t\t\t<img loading=\"lazy\" decoding=\"async\" width=\"2048\" height=\"1365\" src=\"https:\/\/www.espaciomatta.cl\/web\/wp-content\/uploads\/2026\/04\/Vinculacion-y-trabajo-1.webp\" class=\"attachment-full size-full wp-image-25814\" alt=\"\" srcset=\"https:\/\/www.espaciomatta.cl\/web\/wp-content\/uploads\/2026\/04\/Vinculacion-y-trabajo-1.webp 2048w, https:\/\/www.espaciomatta.cl\/web\/wp-content\/uploads\/2026\/04\/Vinculacion-y-trabajo-1-300x200.webp 300w, https:\/\/www.espaciomatta.cl\/web\/wp-content\/uploads\/2026\/04\/Vinculacion-y-trabajo-1-768x512.webp 768w, https:\/\/www.espaciomatta.cl\/web\/wp-content\/uploads\/2026\/04\/Vinculacion-y-trabajo-1-1536x1024.webp 1536w\" sizes=\"(max-width: 2048px) 100vw, 2048px\" \/>\t\t\t\t\t\t\t\t\t\t\t\t\t\t\t<\/div>\n\t\t\t\t<\/div>\n\t\t\t\t<div class=\"elementor-element elementor-element-30d8cb1 elementor-widget elementor-widget-gallery\" data-id=\"30d8cb1\" data-element_type=\"widget\" data-settings=\"{&quot;columns&quot;:2,&quot;gallery_layout&quot;:&quot;masonry&quot;,&quot;lazyload&quot;:&quot;yes&quot;,&quot;columns_tablet&quot;:2,&quot;columns_mobile&quot;:1,&quot;gap&quot;:{&quot;unit&quot;:&quot;px&quot;,&quot;size&quot;:10,&quot;sizes&quot;:[]},&quot;gap_tablet&quot;:{&quot;unit&quot;:&quot;px&quot;,&quot;size&quot;:10,&quot;sizes&quot;:[]},&quot;gap_mobile&quot;:{&quot;unit&quot;:&quot;px&quot;,&quot;size&quot;:10,&quot;sizes&quot;:[]},&quot;overlay_background&quot;:&quot;yes&quot;,&quot;content_hover_animation&quot;:&quot;fade-in&quot;}\" data-widget_type=\"gallery.default\">\n\t\t\t\t<div class=\"elementor-widget-container\">\n\t\t\t\t\t\t\t<div class=\"elementor-gallery__container\">\n\t\t\t\t\t\t\t<div class=\"e-gallery-item elementor-gallery-item elementor-animated-content\">\n\t\t\t\t\t<div class=\"e-gallery-image elementor-gallery-item__image\" data-thumbnail=\"https:\/\/www.espaciomatta.cl\/web\/wp-content\/uploads\/2026\/04\/Vinculacion-y-trabajo-2.webp\" data-width=\"2048\" data-height=\"1365\" aria-label=\"\" role=\"img\" ><\/div>\n\t\t\t\t\t\t\t\t\t\t\t<div class=\"elementor-gallery-item__overlay\"><\/div>\n\t\t\t\t\t\t\t\t\t\t\t\t\t\t<\/div>\n\t\t\t\t\t\t\t<div class=\"e-gallery-item elementor-gallery-item elementor-animated-content\">\n\t\t\t\t\t<div class=\"e-gallery-image elementor-gallery-item__image\" data-thumbnail=\"https:\/\/www.espaciomatta.cl\/web\/wp-content\/uploads\/2026\/04\/Vinculacion-y-trabajo-3.webp\" data-width=\"2048\" data-height=\"1365\" aria-label=\"\" role=\"img\" ><\/div>\n\t\t\t\t\t\t\t\t\t\t\t<div class=\"elementor-gallery-item__overlay\"><\/div>\n\t\t\t\t\t\t\t\t\t\t\t\t\t\t<\/div>\n\t\t\t\t\t\t\t<div class=\"e-gallery-item elementor-gallery-item elementor-animated-content\">\n\t\t\t\t\t<div class=\"e-gallery-image elementor-gallery-item__image\" data-thumbnail=\"https:\/\/www.espaciomatta.cl\/web\/wp-content\/uploads\/2026\/04\/Vinculacion-y-trabajo-4.webp\" data-width=\"2048\" data-height=\"1365\" aria-label=\"\" role=\"img\" ><\/div>\n\t\t\t\t\t\t\t\t\t\t\t<div class=\"elementor-gallery-item__overlay\"><\/div>\n\t\t\t\t\t\t\t\t\t\t\t\t\t\t<\/div>\n\t\t\t\t\t\t\t<div class=\"e-gallery-item elementor-gallery-item elementor-animated-content\">\n\t\t\t\t\t<div class=\"e-gallery-image elementor-gallery-item__image\" data-thumbnail=\"https:\/\/www.espaciomatta.cl\/web\/wp-content\/uploads\/2026\/04\/Vinculacion-y-trabajo-5.webp\" data-width=\"2048\" data-height=\"1365\" aria-label=\"\" role=\"img\" ><\/div>\n\t\t\t\t\t\t\t\t\t\t\t<div class=\"elementor-gallery-item__overlay\"><\/div>\n\t\t\t\t\t\t\t\t\t\t\t\t\t\t<\/div>\n\t\t\t\t\t\t\t<div class=\"e-gallery-item elementor-gallery-item elementor-animated-content\">\n\t\t\t\t\t<div class=\"e-gallery-image elementor-gallery-item__image\" data-thumbnail=\"https:\/\/www.espaciomatta.cl\/web\/wp-content\/uploads\/2026\/04\/Vinculacion-y-trabajo-6.webp\" data-width=\"2048\" data-height=\"1365\" aria-label=\"\" role=\"img\" ><\/div>\n\t\t\t\t\t\t\t\t\t\t\t<div class=\"elementor-gallery-item__overlay\"><\/div>\n\t\t\t\t\t\t\t\t\t\t\t\t\t\t<\/div>\n\t\t\t\t\t\t\t<div class=\"e-gallery-item elementor-gallery-item elementor-animated-content\">\n\t\t\t\t\t<div class=\"e-gallery-image elementor-gallery-item__image\" data-thumbnail=\"https:\/\/www.espaciomatta.cl\/web\/wp-content\/uploads\/2026\/04\/Vinculacion-y-trabajo-7.webp\" data-width=\"2048\" data-height=\"1365\" aria-label=\"\" role=\"img\" ><\/div>\n\t\t\t\t\t\t\t\t\t\t\t<div class=\"elementor-gallery-item__overlay\"><\/div>\n\t\t\t\t\t\t\t\t\t\t\t\t\t\t<\/div>\n\t\t\t\t\t\t\t<div class=\"e-gallery-item elementor-gallery-item elementor-animated-content\">\n\t\t\t\t\t<div class=\"e-gallery-image elementor-gallery-item__image\" data-thumbnail=\"https:\/\/www.espaciomatta.cl\/web\/wp-content\/uploads\/2026\/04\/Vinculacion-y-trabajo-8.webp\" data-width=\"960\" data-height=\"675\" aria-label=\"\" role=\"img\" ><\/div>\n\t\t\t\t\t\t\t\t\t\t\t<div class=\"elementor-gallery-item__overlay\"><\/div>\n\t\t\t\t\t\t\t\t\t\t\t\t\t\t<\/div>\n\t\t\t\t\t\t\t<div class=\"e-gallery-item elementor-gallery-item elementor-animated-content\">\n\t\t\t\t\t<div class=\"e-gallery-image elementor-gallery-item__image\" data-thumbnail=\"https:\/\/www.espaciomatta.cl\/web\/wp-content\/uploads\/2026\/04\/Vinculacion-y-trabajo-9.webp\" data-width=\"960\" data-height=\"498\" aria-label=\"\" role=\"img\" ><\/div>\n\t\t\t\t\t\t\t\t\t\t\t<div class=\"elementor-gallery-item__overlay\"><\/div>\n\t\t\t\t\t\t\t\t\t\t\t\t\t\t<\/div>\n\t\t\t\t\t<\/div>\n\t\t\t\t\t<\/div>\n\t\t\t\t<\/div>\n\t\t\t\t<div class=\"elementor-element elementor-element-2566a5c elementor-widget elementor-widget-spacer\" data-id=\"2566a5c\" data-element_type=\"widget\" data-widget_type=\"spacer.default\">\n\t\t\t\t<div class=\"elementor-widget-container\">\n\t\t\t\t\t\t\t<div class=\"elementor-spacer\">\n\t\t\t<div class=\"elementor-spacer-inner\"><\/div>\n\t\t<\/div>\n\t\t\t\t\t\t<\/div>\n\t\t\t\t<\/div>\n\t\t\t\t\t<\/div>\n\t\t<\/div>\n\t\t\t\t\t<\/div>\n\t\t<\/section>\n\t\t\t\t<\/div>\n\t\t","protected":false},"excerpt":{"rendered":"<p>La Granja firma convenio para fortalecer la cultura \ud83e\udd1d Evento: 09 de Abril, 2026. Hoy seguimos avanzando en materias de vinculaci\u00f3n y trabajo colaborativo \u00a0Este jueves sostuvimos una importante reuni\u00f3n [&hellip;]<\/p>\n","protected":false},"author":57,"featured_media":25814,"comment_status":"closed","ping_status":"closed","sticky":false,"template":"","format":"standard","meta":{"_price":"","_stock":"","_tribe_ticket_header":"","_tribe_default_ticket_provider":"","_ticket_start_date":"","_ticket_end_date":"","_tribe_ticket_show_description":"","_tribe_ticket_show_not_going":false,"_tribe_ticket_use_global_stock":"","_tribe_ticket_global_stock_level":"","_global_stock_mode":"","_global_stock_cap":"","_tribe_rsvp_for_event":"","_tribe_ticket_going_count":"","_tribe_ticket_not_going_count":"","_tribe_tickets_list":"[]","_tribe_ticket_has_attendee_info_fields":false,"footnotes":""},"categories":[12,17],"tags":[20,22,24],"class_list":["post-25810","post","type-post","status-publish","format-standard","has-post-thumbnail","hentry","category-centros-culturales","category-destacados","tag-espaciomatta","tag-panorama","tag-teatro"],"_links":{"self":[{"href":"https:\/\/www.espaciomatta.cl\/web\/wp-json\/wp\/v2\/posts\/25810","targetHints":{"allow":["GET"]}}],"collection":[{"href":"https:\/\/www.espaciomatta.cl\/web\/wp-json\/wp\/v2\/posts"}],"about":[{"href":"https:\/\/www.espaciomatta.cl\/web\/wp-json\/wp\/v2\/types\/post"}],"author":[{"embeddable":true,"href":"https:\/\/www.espaciomatta.cl\/web\/wp-json\/wp\/v2\/users\/57"}],"replies":[{"embeddable":true,"href":"https:\/\/www.espaciomatta.cl\/web\/wp-json\/wp\/v2\/comments?post=25810"}],"version-history":[{"count":3,"href":"https:\/\/www.espaciomatta.cl\/web\/wp-json\/wp\/v2\/posts\/25810\/revisions"}],"predecessor-version":[{"id":25825,"href":"https:\/\/www.espaciomatta.cl\/web\/wp-json\/wp\/v2\/posts\/25810\/revisions\/25825"}],"wp:featuredmedia":[{"embeddable":true,"href":"https:\/\/www.espaciomatta.cl\/web\/wp-json\/wp\/v2\/media\/25814"}],"wp:attachment":[{"href":"https:\/\/www.espaciomatta.cl\/web\/wp-json\/wp\/v2\/media?parent=25810"}],"wp:term":[{"taxonomy":"category","embeddable":true,"href":"https:\/\/www.espaciomatta.cl\/web\/wp-json\/wp\/v2\/categories?post=25810"},{"taxonomy":"post_tag","embeddable":true,"href":"https:\/\/www.espaciomatta.cl\/web\/wp-json\/wp\/v2\/tags?post=25810"}],"curies":[{"name":"wp","href":"https:\/\/api.w.org\/{rel}","templated":true}]}}