{"id":3252,"date":"2024-02-13T18:35:10","date_gmt":"2024-02-13T21:35:10","guid":{"rendered":"https:\/\/espaciomatta.cl\/web\/?p=3252"},"modified":"2024-03-07T13:26:25","modified_gmt":"2024-03-07T16:26:25","slug":"matriculas-orquesta-sinfonica-de-la-granja","status":"publish","type":"post","link":"https:\/\/www.espaciomatta.cl\/web\/matriculas-orquesta-sinfonica-de-la-granja\/","title":{"rendered":"MATR\u00cdCULAS ORQUESTA SINF\u00d3NICA DE LA GRANJA"},"content":{"rendered":"\n<figure class=\"wp-block-image size-large\"><img fetchpriority=\"high\" decoding=\"async\" width=\"901\" height=\"541\" src=\"https:\/\/espaciomatta.cl\/web\/web\/wp-content\/uploads\/2024\/02\/IMG_9276.png\" alt=\"\" class=\"wp-image-3253\" srcset=\"https:\/\/www.espaciomatta.cl\/web\/wp-content\/uploads\/2024\/02\/IMG_9276.png 901w, https:\/\/www.espaciomatta.cl\/web\/wp-content\/uploads\/2024\/02\/IMG_9276-300x180.png 300w, https:\/\/www.espaciomatta.cl\/web\/wp-content\/uploads\/2024\/02\/IMG_9276-768x461.png 768w\" sizes=\"(max-width: 901px) 100vw, 901px\" \/><\/figure>\n\n\n\n<p>Se viene marzo y Centro Cultural Espacio Matta inicia nuevo proceso de matr\u00edculas para elencos estables.<\/p>\n\n\n\n<p><strong>1er llamado a integrantes nuevos<\/strong><\/p>\n\n\n\n<p><strong>Fechas<\/strong>:  <br>Del 9 de febrero al 5 de marzo de 2024.<br><br>Para matricularte debes ingresar en el link  y seguir todas las indicaciones.<\/p>\n\n\n\n<p><a href=\"https:\/\/forms.gle\/yuFZxw5jRXyivozB6\" target=\"_blank\" rel=\"noreferrer noopener\">https:\/\/forms.gle\/yuFZxw5jRXyivozB6<\/a><\/p>\n\n\n\n<p><strong>Horarios \u00a0<\/strong><em>(Alumnos nuevos, deben participar de clases seg\u00fan\u00a0instrumento escogido y de un ensayo. Estos pueden ser: Orquesta Roberto Matta (desde los 11 a\u00f1os) \u00f3 Peque\u00f1os Mozart (desde los 5 a\u00f1os). En el caso de Guitarra, Piano y Ensamble de M\u00fasica Popular solo deben asistir en el horario indicado (no ensayan con Orquestas)<\/em>.<\/p>\n\n\n\n<figure class=\"wp-block-image size-large\"><img decoding=\"async\" width=\"545\" height=\"680\" src=\"https:\/\/espaciomatta.cl\/web\/web\/wp-content\/uploads\/2024\/02\/IMG_9284.jpg\" alt=\"\" class=\"wp-image-3260\" srcset=\"https:\/\/www.espaciomatta.cl\/web\/wp-content\/uploads\/2024\/02\/IMG_9284.jpg 545w, https:\/\/www.espaciomatta.cl\/web\/wp-content\/uploads\/2024\/02\/IMG_9284-240x300.jpg 240w\" sizes=\"(max-width: 545px) 100vw, 545px\" \/><\/figure>\n\n\n\n<p>Inicio de clases: 11 de marzo de 2024<\/p>\n\n\n\n<p><strong>Edades por curso:<\/strong><br>Viol\u00edn (+5 a\u00f1os)<br>Violoncello (+10)<br>Contrabajo (+12)<br>Flauta Traversa (+10)<br>Clarinete (+12)<br>Tromb\u00f3n (+12)<br>Trompeta (+12)<br>Fagot (+12)<br>Oboe (+12)<br>Percusi\u00f3n (+10)<br>Guitarra (+10)<br>Piano (+10)<\/p>\n\n\n\n<p><strong>Consultas a: <\/strong>coordinacion.orquestaccem@gmail.com<\/p>\n","protected":false},"excerpt":{"rendered":"<p>Se viene marzo y Centro Cultural Espacio Matta inicia nuevo proceso de matr\u00edculas para elencos estables. 1er llamado a integrantes nuevos Fechas: Del 9 de febrero al 5 de marzo [&hellip;]<\/p>\n","protected":false},"author":48,"featured_media":3254,"comment_status":"closed","ping_status":"closed","sticky":false,"template":"","format":"standard","meta":{"_price":"","_stock":"","_tribe_ticket_header":"","_tribe_default_ticket_provider":"","_ticket_start_date":"","_ticket_end_date":"","_tribe_ticket_show_description":"","_tribe_ticket_show_not_going":false,"_tribe_ticket_use_global_stock":"","_tribe_ticket_global_stock_level":"","_global_stock_mode":"","_global_stock_cap":"","_tribe_rsvp_for_event":"","_tribe_ticket_going_count":"","_tribe_ticket_not_going_count":"","_tribe_tickets_list":"[]","_tribe_ticket_has_attendee_info_fields":false,"footnotes":""},"categories":[30,18,6],"tags":[],"class_list":["post-3252","post","type-post","status-publish","format-standard","has-post-thumbnail","hentry","category-convocatorias","category-elencos","category-orquesta-sinfonifa-municipal"],"_links":{"self":[{"href":"https:\/\/www.espaciomatta.cl\/web\/wp-json\/wp\/v2\/posts\/3252","targetHints":{"allow":["GET"]}}],"collection":[{"href":"https:\/\/www.espaciomatta.cl\/web\/wp-json\/wp\/v2\/posts"}],"about":[{"href":"https:\/\/www.espaciomatta.cl\/web\/wp-json\/wp\/v2\/types\/post"}],"author":[{"embeddable":true,"href":"https:\/\/www.espaciomatta.cl\/web\/wp-json\/wp\/v2\/users\/48"}],"replies":[{"embeddable":true,"href":"https:\/\/www.espaciomatta.cl\/web\/wp-json\/wp\/v2\/comments?post=3252"}],"version-history":[{"count":0,"href":"https:\/\/www.espaciomatta.cl\/web\/wp-json\/wp\/v2\/posts\/3252\/revisions"}],"wp:featuredmedia":[{"embeddable":true,"href":"https:\/\/www.espaciomatta.cl\/web\/wp-json\/wp\/v2\/media\/3254"}],"wp:attachment":[{"href":"https:\/\/www.espaciomatta.cl\/web\/wp-json\/wp\/v2\/media?parent=3252"}],"wp:term":[{"taxonomy":"category","embeddable":true,"href":"https:\/\/www.espaciomatta.cl\/web\/wp-json\/wp\/v2\/categories?post=3252"},{"taxonomy":"post_tag","embeddable":true,"href":"https:\/\/www.espaciomatta.cl\/web\/wp-json\/wp\/v2\/tags?post=3252"}],"curies":[{"name":"wp","href":"https:\/\/api.w.org\/{rel}","templated":true}]}}